{"id":7852,"date":"2024-11-26T21:56:19","date_gmt":"2024-11-26T21:56:19","guid":{"rendered":"https:\/\/abpartner.de\/?p=7852"},"modified":"2024-11-26T22:17:47","modified_gmt":"2024-11-26T22:17:47","slug":"mittelstand-modern-gestalten","status":"publish","type":"post","link":"https:\/\/abpartner.de\/en\/mittelstand-modern-gestalten\/","title":{"rendered":"Mittelstand modern gestalten"},"content":{"rendered":"\t\t<div data-elementor-type=\"wp-post\" data-elementor-id=\"7852\" class=\"elementor elementor-7852\" data-elementor-post-type=\"post\">\n\t\t\t\t<div class=\"elementor-element elementor-element-1be2bb74 e-flex e-con-boxed e-con e-parent\" data-id=\"1be2bb74\" data-element_type=\"container\" data-e-type=\"container\">\n\t\t\t\t\t<div class=\"e-con-inner\">\n\t\t\t\t<div class=\"elementor-element elementor-element-4cdc4712 elementor-widget__width-initial elementor-widget-mobile__width-inherit elementor-widget elementor-widget-heading\" data-id=\"4cdc4712\" data-element_type=\"widget\" data-e-type=\"widget\" data-widget_type=\"heading.default\">\n\t\t\t\t<div class=\"elementor-widget-container\">\n\t\t\t\t\t<h2 class=\"elementor-heading-title elementor-size-default\">Mittelstand modern gestalten.<\/h2>\t\t\t\t<\/div>\n\t\t\t\t<\/div>\n\t\t\t\t<div class=\"elementor-element elementor-element-349aa201 elementor-widget elementor-widget-video\" data-id=\"349aa201\" data-element_type=\"widget\" data-e-type=\"widget\" data-settings=\"{&quot;youtube_url&quot;:&quot;https:\\\/\\\/youtu.be\\\/fNQcTee5K5k&quot;,&quot;start&quot;:1,&quot;autoplay&quot;:&quot;yes&quot;,&quot;play_on_mobile&quot;:&quot;yes&quot;,&quot;video_type&quot;:&quot;youtube&quot;,&quot;controls&quot;:&quot;yes&quot;}\" data-widget_type=\"video.default\">\n\t\t\t\t<div class=\"elementor-widget-container\">\n\t\t\t\t\t\t\t<div class=\"elementor-wrapper elementor-open-inline\">\n\t\t\t<div class=\"elementor-video\"><\/div>\t\t<\/div>\n\t\t\t\t\t\t<\/div>\n\t\t\t\t<\/div>\n\t\t\t\t\t<\/div>\n\t\t\t\t<\/div>\n\t\t<div class=\"elementor-element elementor-element-79e056e3 e-flex e-con-boxed e-con e-parent\" data-id=\"79e056e3\" data-element_type=\"container\" data-e-type=\"container\">\n\t\t\t\t\t<div class=\"e-con-inner\">\n\t\t\t\t<div class=\"elementor-element elementor-element-199a5b6a elementor-widget elementor-widget-post-info\" data-id=\"199a5b6a\" data-element_type=\"widget\" data-e-type=\"widget\" data-widget_type=\"post-info.default\">\n\t\t\t\t<div class=\"elementor-widget-container\">\n\t\t\t\t\t\t\t<ul class=\"elementor-inline-items elementor-icon-list-items elementor-post-info\">\n\t\t\t\t\t\t\t\t<li class=\"elementor-icon-list-item elementor-repeater-item-85f90a9 elementor-inline-item\" itemprop=\"datePublished\">\n\t\t\t\t\t\t<a href=\"https:\/\/abpartner.de\/en\/2024\/11\/26\/\">\n\t\t\t\t\t\t\t\t\t\t\t<span class=\"elementor-icon-list-icon\">\n\t\t\t\t\t\t\t\t<svg aria-hidden=\"true\" class=\"e-font-icon-svg e-fas-calendar\" viewBox=\"0 0 448 512\" xmlns=\"http:\/\/www.w3.org\/2000\/svg\"><path d=\"M12 192h424c6.6 0 12 5.4 12 12v260c0 26.5-21.5 48-48 48H48c-26.5 0-48-21.5-48-48V204c0-6.6 5.4-12 12-12zm436-44v-36c0-26.5-21.5-48-48-48h-48V12c0-6.6-5.4-12-12-12h-40c-6.6 0-12 5.4-12 12v52H160V12c0-6.6-5.4-12-12-12h-40c-6.6 0-12 5.4-12 12v52H48C21.5 64 0 85.5 0 112v36c0 6.6 5.4 12 12 12h424c6.6 0 12-5.4 12-12z\"><\/path><\/svg>\t\t\t\t\t\t\t<\/span>\n\t\t\t\t\t\t\t\t\t<span class=\"elementor-icon-list-text elementor-post-info__item elementor-post-info__item--type-date\">\n\t\t\t\t\t\t\t\t\t\t<time>November 26, 2024<\/time>\t\t\t\t\t<\/span>\n\t\t\t\t\t\t\t\t\t<\/a>\n\t\t\t\t<\/li>\n\t\t\t\t<\/ul>\n\t\t\t\t\t\t<\/div>\n\t\t\t\t<\/div>\n\t\t\t\t<div class=\"elementor-element elementor-element-7834731e elementor-widget elementor-widget-text-editor\" data-id=\"7834731e\" data-element_type=\"widget\" data-e-type=\"widget\" data-widget_type=\"text-editor.default\">\n\t\t\t\t<div class=\"elementor-widget-container\">\n\t\t\t\t\t\t\t\t\t<p>Unsere Vision: Den Mittelstand ein St\u00fcckchen besser machen.<\/p><p>Alex Betz und Michael Siehler teilen die Leidenschaft, mittelst\u00e4ndische Unternehmen aktiv darin zu unterstu\u0308tzen, ihre Gesch\u00e4ftsmodelle moderner, skalierbarer und digitaler zu gestalten.<br \/>Aus den zahlreichen und stets sehr umfassenden Transformationen hat das Team von ab &amp; partner die Essenz der digitalen Transformation von Unternehmen, ihren Gesch\u00e4ftsmodellen und den Mitarbeitenden herausarbeitet, verinnerlicht und erfolgreich angewendet.<br \/>Wir bringen keine Schablone mit. Stattdessen h\u00f6ren wir zu, verstehen die Zielvorstellung des Eigentu\u0308mers und entwickeln ein ma\u00dfgeschneidertes, ganzheitliches und ambitioniertes Zielbild.<br \/>Und dann packen wir selbst an und setzen das neue Zielbild gemeinsam mit den Mitarbeitenden um. Alle werden aktiv beteiligt, die Transformation und Digitalisierung erfolgt schrittweise sowie stets von innen heraus. Das Team von ab &amp; partner lebt die Ver\u00e4nderung vor und gibt Hilfe zur Selbsthilfe.<br \/>Bis der Erfolg von Eigentu\u0308mer, Mitarbeitenden und Kunden best\u00e4tigt ist. Dafu\u0308r gehen wir jede Extrameile. Wie wenn es unser eigenes Unternehmen w\u00e4re. Unser Mindset: What ever it takes.<\/p>\t\t\t\t\t\t\t\t<\/div>\n\t\t\t\t<\/div>\n\t\t\t\t\t<\/div>\n\t\t\t\t<\/div>\n\t\t<div class=\"elementor-element elementor-element-33148441 e-flex e-con-boxed e-con e-parent\" data-id=\"33148441\" data-element_type=\"container\" data-e-type=\"container\">\n\t\t\t\t\t<div class=\"e-con-inner\">\n\t\t\t\t<div class=\"elementor-element elementor-element-6e456d68 elementor-post-navigation-borders-yes elementor-widget elementor-widget-global elementor-global-4585 elementor-widget-post-navigation\" data-id=\"6e456d68\" data-element_type=\"widget\" data-e-type=\"widget\" data-widget_type=\"post-navigation.default\">\n\t\t\t\t<div class=\"elementor-widget-container\">\n\t\t\t\t\t\t\t<div class=\"elementor-post-navigation\" role=\"navigation\" aria-label=\"Post Navigation\">\n\t\t\t<div class=\"elementor-post-navigation__prev elementor-post-navigation__link\">\n\t\t\t\t<a href=\"https:\/\/abpartner.de\/en\/gemeinsam-ganzheitlich-digitalisieren\/\" rel=\"prev\"><span class=\"post-navigation__arrow-wrapper post-navigation__arrow-prev\"><svg aria-hidden=\"true\" class=\"e-font-icon-svg e-fas-angle-left\" viewBox=\"0 0 256 512\" xmlns=\"http:\/\/www.w3.org\/2000\/svg\"><path d=\"M31.7 239l136-136c9.4-9.4 24.6-9.4 33.9 0l22.6 22.6c9.4 9.4 9.4 24.6 0 33.9L127.9 256l96.4 96.4c9.4 9.4 9.4 24.6 0 33.9L201.7 409c-9.4 9.4-24.6 9.4-33.9 0l-136-136c-9.5-9.4-9.5-24.6-.1-34z\"><\/path><\/svg><span class=\"elementor-screen-only\">Prev<\/span><\/span><span class=\"elementor-post-navigation__link__prev\"><span class=\"post-navigation__prev--label\">Voriger<\/span><span class=\"post-navigation__prev--title\">Gemeinsam ganzheitlich digitalisieren<\/span><\/span><\/a>\t\t\t<\/div>\n\t\t\t\t\t\t\t<div class=\"elementor-post-navigation__separator-wrapper\">\n\t\t\t\t\t<div class=\"elementor-post-navigation__separator\"><\/div>\n\t\t\t\t<\/div>\n\t\t\t\t\t\t<div class=\"elementor-post-navigation__next elementor-post-navigation__link\">\n\t\t\t\t<a href=\"https:\/\/abpartner.de\/en\/unsere-motivation-fuer-die-extrameile\/\" rel=\"next\"><span class=\"elementor-post-navigation__link__next\"><span class=\"post-navigation__next--label\">N\u00e4chster<\/span><span class=\"post-navigation__next--title\">Unsere Motivation f\u00fcr die Extrameile<\/span><\/span><span class=\"post-navigation__arrow-wrapper post-navigation__arrow-next\"><svg aria-hidden=\"true\" class=\"e-font-icon-svg e-fas-angle-right\" viewBox=\"0 0 256 512\" xmlns=\"http:\/\/www.w3.org\/2000\/svg\"><path d=\"M224.3 273l-136 136c-9.4 9.4-24.6 9.4-33.9 0l-22.6-22.6c-9.4-9.4-9.4-24.6 0-33.9l96.4-96.4-96.4-96.4c-9.4-9.4-9.4-24.6 0-33.9L54.3 103c9.4-9.4 24.6-9.4 33.9 0l136 136c9.5 9.4 9.5 24.6.1 34z\"><\/path><\/svg><span class=\"elementor-screen-only\">Next<\/span><\/span><\/a>\t\t\t<\/div>\n\t\t<\/div>\n\t\t\t\t\t\t<\/div>\n\t\t\t\t<\/div>\n\t\t\t\t\t<\/div>\n\t\t\t\t<\/div>\n\t\t\t\t<\/div>\n\t\t","protected":false},"excerpt":{"rendered":"<p>Wir unterst\u00fctzen mittelst\u00e4ndische Unternehmen darin, ihre Gesch\u00e4ftsmodelle moderner, skalierbarer und digitaler zu gestalten.<\/p>\n","protected":false},"author":2,"featured_media":7871,"comment_status":"open","ping_status":"open","sticky":false,"template":"elementor_header_footer","format":"standard","meta":{"site-sidebar-layout":"default","site-content-layout":"","ast-site-content-layout":"default","site-content-style":"default","site-sidebar-style":"default","ast-global-header-display":"","ast-banner-title-visibility":"","ast-main-header-display":"","ast-hfb-above-header-display":"","ast-hfb-below-header-display":"","ast-hfb-mobile-header-display":"","site-post-title":"","ast-breadcrumbs-content":"","ast-featured-img":"","footer-sml-layout":"","ast-disable-related-posts":"","theme-transparent-header-meta":"","adv-header-id-meta":"","stick-header-meta":"","header-above-stick-meta":"","header-main-stick-meta":"","header-below-stick-meta":"","astra-migrate-meta-layouts":"set","ast-page-background-enabled":"default","ast-page-background-meta":{"desktop":{"background-color":"","background-image":"","background-repeat":"repeat","background-position":"center center","background-size":"auto","background-attachment":"scroll","background-type":"","background-media":"","overlay-type":"","overlay-color":"","overlay-opacity":"","overlay-gradient":""},"tablet":{"background-color":"","background-image":"","background-repeat":"repeat","background-position":"center center","background-size":"auto","background-attachment":"scroll","background-type":"","background-media":"","overlay-type":"","overlay-color":"","overlay-opacity":"","overlay-gradient":""},"mobile":{"background-color":"","background-image":"","background-repeat":"repeat","background-position":"center center","background-size":"auto","background-attachment":"scroll","background-type":"","background-media":"","overlay-type":"","overlay-color":"","overlay-opacity":"","overlay-gradient":""}},"ast-content-background-meta":{"desktop":{"background-color":"var(--ast-global-color-5)","background-image":"","background-repeat":"repeat","background-position":"center center","background-size":"auto","background-attachment":"scroll","background-type":"","background-media":"","overlay-type":"","overlay-color":"","overlay-opacity":"","overlay-gradient":""},"tablet":{"background-color":"var(--ast-global-color-5)","background-image":"","background-repeat":"repeat","background-position":"center center","background-size":"auto","background-attachment":"scroll","background-type":"","background-media":"","overlay-type":"","overlay-color":"","overlay-opacity":"","overlay-gradient":""},"mobile":{"background-color":"var(--ast-global-color-5)","background-image":"","background-repeat":"repeat","background-position":"center center","background-size":"auto","background-attachment":"scroll","background-type":"","background-media":"","overlay-type":"","overlay-color":"","overlay-opacity":"","overlay-gradient":""}},"footnotes":""},"categories":[],"tags":[],"class_list":["post-7852","post","type-post","status-publish","format-standard","has-post-thumbnail","hentry"],"yoast_head":"<!-- This site is optimized with the Yoast SEO plugin v27.4 - https:\/\/yoast.com\/product\/yoast-seo-wordpress\/ -->\n<title>Mittelstand modern gestalten - ab&amp;partner<\/title>\n<meta name=\"robots\" content=\"index, follow, max-snippet:-1, max-image-preview:large, max-video-preview:-1\" \/>\n<link rel=\"canonical\" href=\"https:\/\/abpartner.de\/en\/mittelstand-modern-gestalten\/\" \/>\n<meta property=\"og:locale\" content=\"en_US\" \/>\n<meta property=\"og:type\" content=\"article\" \/>\n<meta property=\"og:title\" content=\"Mittelstand modern gestalten - ab&amp;partner\" \/>\n<meta property=\"og:description\" content=\"Wir unterst\u00fctzen mittelst\u00e4ndische Unternehmen darin, ihre Gesch\u00e4ftsmodelle moderner, skalierbarer und digitaler zu gestalten.\" \/>\n<meta property=\"og:url\" content=\"https:\/\/abpartner.de\/en\/mittelstand-modern-gestalten\/\" \/>\n<meta property=\"og:site_name\" content=\"ab&amp;partner\" \/>\n<meta property=\"article:publisher\" content=\"https:\/\/www.facebook.com\/LandhotelGasthofKrone\/\" \/>\n<meta property=\"article:published_time\" content=\"2024-11-26T21:56:19+00:00\" \/>\n<meta property=\"article:modified_time\" content=\"2024-11-26T22:17:47+00:00\" \/>\n<meta property=\"og:image\" content=\"https:\/\/abpartner.de\/wp-content\/uploads\/2024\/11\/Beitrag-Web-ab-partner.png\" \/>\n\t<meta property=\"og:image:width\" content=\"1200\" \/>\n\t<meta property=\"og:image:height\" content=\"628\" \/>\n\t<meta property=\"og:image:type\" content=\"image\/png\" \/>\n<meta name=\"author\" content=\"Farbe Blau\" \/>\n<meta name=\"twitter:card\" content=\"summary_large_image\" \/>\n<meta name=\"twitter:label1\" content=\"Written by\" \/>\n\t<meta name=\"twitter:data1\" content=\"Farbe Blau\" \/>\n\t<meta name=\"twitter:label2\" content=\"Est. reading time\" \/>\n\t<meta name=\"twitter:data2\" content=\"1 minute\" \/>\n<script type=\"application\/ld+json\" class=\"yoast-schema-graph\">{\"@context\":\"https:\\\/\\\/schema.org\",\"@graph\":[{\"@type\":\"Article\",\"@id\":\"https:\\\/\\\/abpartner.de\\\/en\\\/mittelstand-modern-gestalten\\\/#article\",\"isPartOf\":{\"@id\":\"https:\\\/\\\/abpartner.de\\\/en\\\/mittelstand-modern-gestalten\\\/\"},\"author\":{\"name\":\"Farbe Blau\",\"@id\":\"https:\\\/\\\/abpartner.de\\\/en\\\/#\\\/schema\\\/person\\\/c5d748314a7c88e4198db41414daac72\"},\"headline\":\"Mittelstand modern gestalten\",\"datePublished\":\"2024-11-26T21:56:19+00:00\",\"dateModified\":\"2024-11-26T22:17:47+00:00\",\"mainEntityOfPage\":{\"@id\":\"https:\\\/\\\/abpartner.de\\\/en\\\/mittelstand-modern-gestalten\\\/\"},\"wordCount\":182,\"commentCount\":0,\"publisher\":{\"@id\":\"https:\\\/\\\/abpartner.de\\\/en\\\/#organization\"},\"image\":{\"@id\":\"https:\\\/\\\/abpartner.de\\\/en\\\/mittelstand-modern-gestalten\\\/#primaryimage\"},\"thumbnailUrl\":\"https:\\\/\\\/abpartner.de\\\/wp-content\\\/uploads\\\/2024\\\/11\\\/Beitrag-Web-ab-partner.png\",\"inLanguage\":\"en-US\",\"potentialAction\":[{\"@type\":\"CommentAction\",\"name\":\"Comment\",\"target\":[\"https:\\\/\\\/abpartner.de\\\/en\\\/mittelstand-modern-gestalten\\\/#respond\"]}]},{\"@type\":\"WebPage\",\"@id\":\"https:\\\/\\\/abpartner.de\\\/en\\\/mittelstand-modern-gestalten\\\/\",\"url\":\"https:\\\/\\\/abpartner.de\\\/en\\\/mittelstand-modern-gestalten\\\/\",\"name\":\"Mittelstand modern gestalten - ab&amp;partner\",\"isPartOf\":{\"@id\":\"https:\\\/\\\/abpartner.de\\\/en\\\/#website\"},\"primaryImageOfPage\":{\"@id\":\"https:\\\/\\\/abpartner.de\\\/en\\\/mittelstand-modern-gestalten\\\/#primaryimage\"},\"image\":{\"@id\":\"https:\\\/\\\/abpartner.de\\\/en\\\/mittelstand-modern-gestalten\\\/#primaryimage\"},\"thumbnailUrl\":\"https:\\\/\\\/abpartner.de\\\/wp-content\\\/uploads\\\/2024\\\/11\\\/Beitrag-Web-ab-partner.png\",\"datePublished\":\"2024-11-26T21:56:19+00:00\",\"dateModified\":\"2024-11-26T22:17:47+00:00\",\"breadcrumb\":{\"@id\":\"https:\\\/\\\/abpartner.de\\\/en\\\/mittelstand-modern-gestalten\\\/#breadcrumb\"},\"inLanguage\":\"en-US\",\"potentialAction\":[{\"@type\":\"ReadAction\",\"target\":[\"https:\\\/\\\/abpartner.de\\\/en\\\/mittelstand-modern-gestalten\\\/\"]}]},{\"@type\":\"ImageObject\",\"inLanguage\":\"en-US\",\"@id\":\"https:\\\/\\\/abpartner.de\\\/en\\\/mittelstand-modern-gestalten\\\/#primaryimage\",\"url\":\"https:\\\/\\\/abpartner.de\\\/wp-content\\\/uploads\\\/2024\\\/11\\\/Beitrag-Web-ab-partner.png\",\"contentUrl\":\"https:\\\/\\\/abpartner.de\\\/wp-content\\\/uploads\\\/2024\\\/11\\\/Beitrag-Web-ab-partner.png\",\"width\":1200,\"height\":628},{\"@type\":\"BreadcrumbList\",\"@id\":\"https:\\\/\\\/abpartner.de\\\/en\\\/mittelstand-modern-gestalten\\\/#breadcrumb\",\"itemListElement\":[{\"@type\":\"ListItem\",\"position\":1,\"name\":\"Startseite\",\"item\":\"https:\\\/\\\/abpartner.de\\\/en\\\/portfolio\\\/\"},{\"@type\":\"ListItem\",\"position\":2,\"name\":\"Mittelstand modern gestalten\"}]},{\"@type\":\"WebSite\",\"@id\":\"https:\\\/\\\/abpartner.de\\\/en\\\/#website\",\"url\":\"https:\\\/\\\/abpartner.de\\\/en\\\/\",\"name\":\"ab&amp;partner\",\"description\":\"Gemeinsam realisieren wir Ihre unternehmerische Vision.\",\"publisher\":{\"@id\":\"https:\\\/\\\/abpartner.de\\\/en\\\/#organization\"},\"potentialAction\":[{\"@type\":\"SearchAction\",\"target\":{\"@type\":\"EntryPoint\",\"urlTemplate\":\"https:\\\/\\\/abpartner.de\\\/en\\\/?s={search_term_string}\"},\"query-input\":{\"@type\":\"PropertyValueSpecification\",\"valueRequired\":true,\"valueName\":\"search_term_string\"}}],\"inLanguage\":\"en-US\"},{\"@type\":\"Organization\",\"@id\":\"https:\\\/\\\/abpartner.de\\\/en\\\/#organization\",\"name\":\"ab&amp;partner\",\"url\":\"https:\\\/\\\/abpartner.de\\\/en\\\/\",\"logo\":{\"@type\":\"ImageObject\",\"inLanguage\":\"en-US\",\"@id\":\"https:\\\/\\\/abpartner.de\\\/en\\\/#\\\/schema\\\/logo\\\/image\\\/\",\"url\":\"https:\\\/\\\/abpartner.de\\\/wp-content\\\/uploads\\\/2024\\\/06\\\/ABpartner_Logo_rgb.svg\",\"contentUrl\":\"https:\\\/\\\/abpartner.de\\\/wp-content\\\/uploads\\\/2024\\\/06\\\/ABpartner_Logo_rgb.svg\",\"caption\":\"ab&amp;partner\"},\"image\":{\"@id\":\"https:\\\/\\\/abpartner.de\\\/en\\\/#\\\/schema\\\/logo\\\/image\\\/\"},\"sameAs\":[\"https:\\\/\\\/www.facebook.com\\\/LandhotelGasthofKrone\\\/\",\"https:\\\/\\\/www.instagram.com\\\/landhotel_krone_eschental\\\/\"]},{\"@type\":\"Person\",\"@id\":\"https:\\\/\\\/abpartner.de\\\/en\\\/#\\\/schema\\\/person\\\/c5d748314a7c88e4198db41414daac72\",\"name\":\"Farbe Blau\",\"image\":{\"@type\":\"ImageObject\",\"inLanguage\":\"en-US\",\"@id\":\"https:\\\/\\\/secure.gravatar.com\\\/avatar\\\/4356160d5f51da58f200f72446d5def22905a46716ccdaf1c341e11aa865a9f9?s=96&d=mm&r=g\",\"url\":\"https:\\\/\\\/secure.gravatar.com\\\/avatar\\\/4356160d5f51da58f200f72446d5def22905a46716ccdaf1c341e11aa865a9f9?s=96&d=mm&r=g\",\"contentUrl\":\"https:\\\/\\\/secure.gravatar.com\\\/avatar\\\/4356160d5f51da58f200f72446d5def22905a46716ccdaf1c341e11aa865a9f9?s=96&d=mm&r=g\",\"caption\":\"Farbe Blau\"},\"url\":\"https:\\\/\\\/abpartner.de\\\/en\\\/author\\\/farbe-blau\\\/\"}]}<\/script>\n<!-- \/ Yoast SEO plugin. -->","yoast_head_json":{"title":"Mittelstand modern gestalten - ab&amp;partner","robots":{"index":"index","follow":"follow","max-snippet":"max-snippet:-1","max-image-preview":"max-image-preview:large","max-video-preview":"max-video-preview:-1"},"canonical":"https:\/\/abpartner.de\/en\/mittelstand-modern-gestalten\/","og_locale":"en_US","og_type":"article","og_title":"Mittelstand modern gestalten - ab&amp;partner","og_description":"Wir unterst\u00fctzen mittelst\u00e4ndische Unternehmen darin, ihre Gesch\u00e4ftsmodelle moderner, skalierbarer und digitaler zu gestalten.","og_url":"https:\/\/abpartner.de\/en\/mittelstand-modern-gestalten\/","og_site_name":"ab&amp;partner","article_publisher":"https:\/\/www.facebook.com\/LandhotelGasthofKrone\/","article_published_time":"2024-11-26T21:56:19+00:00","article_modified_time":"2024-11-26T22:17:47+00:00","og_image":[{"width":1200,"height":628,"url":"https:\/\/abpartner.de\/wp-content\/uploads\/2024\/11\/Beitrag-Web-ab-partner.png","type":"image\/png"}],"author":"Farbe Blau","twitter_card":"summary_large_image","twitter_misc":{"Written by":"Farbe Blau","Est. reading time":"1 minute"},"schema":{"@context":"https:\/\/schema.org","@graph":[{"@type":"Article","@id":"https:\/\/abpartner.de\/en\/mittelstand-modern-gestalten\/#article","isPartOf":{"@id":"https:\/\/abpartner.de\/en\/mittelstand-modern-gestalten\/"},"author":{"name":"Farbe Blau","@id":"https:\/\/abpartner.de\/en\/#\/schema\/person\/c5d748314a7c88e4198db41414daac72"},"headline":"Mittelstand modern gestalten","datePublished":"2024-11-26T21:56:19+00:00","dateModified":"2024-11-26T22:17:47+00:00","mainEntityOfPage":{"@id":"https:\/\/abpartner.de\/en\/mittelstand-modern-gestalten\/"},"wordCount":182,"commentCount":0,"publisher":{"@id":"https:\/\/abpartner.de\/en\/#organization"},"image":{"@id":"https:\/\/abpartner.de\/en\/mittelstand-modern-gestalten\/#primaryimage"},"thumbnailUrl":"https:\/\/abpartner.de\/wp-content\/uploads\/2024\/11\/Beitrag-Web-ab-partner.png","inLanguage":"en-US","potentialAction":[{"@type":"CommentAction","name":"Comment","target":["https:\/\/abpartner.de\/en\/mittelstand-modern-gestalten\/#respond"]}]},{"@type":"WebPage","@id":"https:\/\/abpartner.de\/en\/mittelstand-modern-gestalten\/","url":"https:\/\/abpartner.de\/en\/mittelstand-modern-gestalten\/","name":"Mittelstand modern gestalten - ab&amp;partner","isPartOf":{"@id":"https:\/\/abpartner.de\/en\/#website"},"primaryImageOfPage":{"@id":"https:\/\/abpartner.de\/en\/mittelstand-modern-gestalten\/#primaryimage"},"image":{"@id":"https:\/\/abpartner.de\/en\/mittelstand-modern-gestalten\/#primaryimage"},"thumbnailUrl":"https:\/\/abpartner.de\/wp-content\/uploads\/2024\/11\/Beitrag-Web-ab-partner.png","datePublished":"2024-11-26T21:56:19+00:00","dateModified":"2024-11-26T22:17:47+00:00","breadcrumb":{"@id":"https:\/\/abpartner.de\/en\/mittelstand-modern-gestalten\/#breadcrumb"},"inLanguage":"en-US","potentialAction":[{"@type":"ReadAction","target":["https:\/\/abpartner.de\/en\/mittelstand-modern-gestalten\/"]}]},{"@type":"ImageObject","inLanguage":"en-US","@id":"https:\/\/abpartner.de\/en\/mittelstand-modern-gestalten\/#primaryimage","url":"https:\/\/abpartner.de\/wp-content\/uploads\/2024\/11\/Beitrag-Web-ab-partner.png","contentUrl":"https:\/\/abpartner.de\/wp-content\/uploads\/2024\/11\/Beitrag-Web-ab-partner.png","width":1200,"height":628},{"@type":"BreadcrumbList","@id":"https:\/\/abpartner.de\/en\/mittelstand-modern-gestalten\/#breadcrumb","itemListElement":[{"@type":"ListItem","position":1,"name":"Startseite","item":"https:\/\/abpartner.de\/en\/portfolio\/"},{"@type":"ListItem","position":2,"name":"Mittelstand modern gestalten"}]},{"@type":"WebSite","@id":"https:\/\/abpartner.de\/en\/#website","url":"https:\/\/abpartner.de\/en\/","name":"ab&amp;partner","description":"Gemeinsam realisieren wir Ihre unternehmerische Vision.","publisher":{"@id":"https:\/\/abpartner.de\/en\/#organization"},"potentialAction":[{"@type":"SearchAction","target":{"@type":"EntryPoint","urlTemplate":"https:\/\/abpartner.de\/en\/?s={search_term_string}"},"query-input":{"@type":"PropertyValueSpecification","valueRequired":true,"valueName":"search_term_string"}}],"inLanguage":"en-US"},{"@type":"Organization","@id":"https:\/\/abpartner.de\/en\/#organization","name":"ab&amp;partner","url":"https:\/\/abpartner.de\/en\/","logo":{"@type":"ImageObject","inLanguage":"en-US","@id":"https:\/\/abpartner.de\/en\/#\/schema\/logo\/image\/","url":"https:\/\/abpartner.de\/wp-content\/uploads\/2024\/06\/ABpartner_Logo_rgb.svg","contentUrl":"https:\/\/abpartner.de\/wp-content\/uploads\/2024\/06\/ABpartner_Logo_rgb.svg","caption":"ab&amp;partner"},"image":{"@id":"https:\/\/abpartner.de\/en\/#\/schema\/logo\/image\/"},"sameAs":["https:\/\/www.facebook.com\/LandhotelGasthofKrone\/","https:\/\/www.instagram.com\/landhotel_krone_eschental\/"]},{"@type":"Person","@id":"https:\/\/abpartner.de\/en\/#\/schema\/person\/c5d748314a7c88e4198db41414daac72","name":"Farbe Blau","image":{"@type":"ImageObject","inLanguage":"en-US","@id":"https:\/\/secure.gravatar.com\/avatar\/4356160d5f51da58f200f72446d5def22905a46716ccdaf1c341e11aa865a9f9?s=96&d=mm&r=g","url":"https:\/\/secure.gravatar.com\/avatar\/4356160d5f51da58f200f72446d5def22905a46716ccdaf1c341e11aa865a9f9?s=96&d=mm&r=g","contentUrl":"https:\/\/secure.gravatar.com\/avatar\/4356160d5f51da58f200f72446d5def22905a46716ccdaf1c341e11aa865a9f9?s=96&d=mm&r=g","caption":"Farbe Blau"},"url":"https:\/\/abpartner.de\/en\/author\/farbe-blau\/"}]}},"_links":{"self":[{"href":"https:\/\/abpartner.de\/en\/wp-json\/wp\/v2\/posts\/7852","targetHints":{"allow":["GET"]}}],"collection":[{"href":"https:\/\/abpartner.de\/en\/wp-json\/wp\/v2\/posts"}],"about":[{"href":"https:\/\/abpartner.de\/en\/wp-json\/wp\/v2\/types\/post"}],"author":[{"embeddable":true,"href":"https:\/\/abpartner.de\/en\/wp-json\/wp\/v2\/users\/2"}],"replies":[{"embeddable":true,"href":"https:\/\/abpartner.de\/en\/wp-json\/wp\/v2\/comments?post=7852"}],"version-history":[{"count":19,"href":"https:\/\/abpartner.de\/en\/wp-json\/wp\/v2\/posts\/7852\/revisions"}],"predecessor-version":[{"id":7888,"href":"https:\/\/abpartner.de\/en\/wp-json\/wp\/v2\/posts\/7852\/revisions\/7888"}],"wp:featuredmedia":[{"embeddable":true,"href":"https:\/\/abpartner.de\/en\/wp-json\/wp\/v2\/media\/7871"}],"wp:attachment":[{"href":"https:\/\/abpartner.de\/en\/wp-json\/wp\/v2\/media?parent=7852"}],"wp:term":[{"taxonomy":"category","embeddable":true,"href":"https:\/\/abpartner.de\/en\/wp-json\/wp\/v2\/categories?post=7852"},{"taxonomy":"post_tag","embeddable":true,"href":"https:\/\/abpartner.de\/en\/wp-json\/wp\/v2\/tags?post=7852"}],"curies":[{"name":"wp","href":"https:\/\/api.w.org\/{rel}","templated":true}]}}