{"id":4041,"date":"2023-12-07T20:00:00","date_gmt":"2023-12-07T20:00:00","guid":{"rendered":"https:\/\/0vm.a61.myftpupload.com\/?p=4041"},"modified":"2024-08-06T11:58:07","modified_gmt":"2024-08-06T11:58:07","slug":"digitale-transformation-gelingt-im-dreiklang","status":"publish","type":"post","link":"https:\/\/abpartner.de\/en\/digitale-transformation-gelingt-im-dreiklang\/","title":{"rendered":"Digitale Transformation gelingt im Dreiklang"},"content":{"rendered":"\t\t<div data-elementor-type=\"wp-post\" data-elementor-id=\"4041\" class=\"elementor elementor-4041\" data-elementor-post-type=\"post\">\n\t\t\t\t<div class=\"elementor-element elementor-element-65f2a61b e-flex e-con-boxed e-con e-parent\" data-id=\"65f2a61b\" data-element_type=\"container\" data-e-type=\"container\">\n\t\t\t\t\t<div class=\"e-con-inner\">\n\t\t\t\t<div class=\"elementor-element elementor-element-28da5cd6 elementor-widget__width-initial elementor-widget-mobile__width-inherit elementor-widget elementor-widget-heading\" data-id=\"28da5cd6\" data-element_type=\"widget\" data-e-type=\"widget\" data-widget_type=\"heading.default\">\n\t\t\t\t<div class=\"elementor-widget-container\">\n\t\t\t\t\t<h2 class=\"elementor-heading-title elementor-size-default\">Digitale Transformation gelingt im Dreiklang<\/h2>\t\t\t\t<\/div>\n\t\t\t\t<\/div>\n\t\t\t\t<div class=\"elementor-element elementor-element-756393a elementor-widget elementor-widget-image\" data-id=\"756393a\" data-element_type=\"widget\" data-e-type=\"widget\" data-widget_type=\"image.default\">\n\t\t\t\t<div class=\"elementor-widget-container\">\n\t\t\t\t\t\t\t\t\t\t\t\t\t\t\t<img fetchpriority=\"high\" decoding=\"async\" width=\"1440\" height=\"800\" src=\"https:\/\/abpartner.de\/wp-content\/uploads\/2023\/12\/Alex-Whiteboard.jpg\" class=\"attachment-full size-full wp-image-4044\" alt=\"\" srcset=\"https:\/\/abpartner.de\/wp-content\/uploads\/2023\/12\/Alex-Whiteboard.jpg 1440w, https:\/\/abpartner.de\/wp-content\/uploads\/2023\/12\/Alex-Whiteboard-300x167.jpg 300w, https:\/\/abpartner.de\/wp-content\/uploads\/2023\/12\/Alex-Whiteboard-1024x569.jpg 1024w, https:\/\/abpartner.de\/wp-content\/uploads\/2023\/12\/Alex-Whiteboard-768x427.jpg 768w\" sizes=\"(max-width: 1440px) 100vw, 1440px\" \/>\t\t\t\t\t\t\t\t\t\t\t\t\t\t\t<\/div>\n\t\t\t\t<\/div>\n\t\t\t\t\t<\/div>\n\t\t\t\t<\/div>\n\t\t<div class=\"elementor-element elementor-element-5317fdc9 e-flex e-con-boxed e-con e-parent\" data-id=\"5317fdc9\" data-element_type=\"container\" data-e-type=\"container\">\n\t\t\t\t\t<div class=\"e-con-inner\">\n\t\t\t\t<div class=\"elementor-element elementor-element-1234c19 elementor-widget elementor-widget-heading\" data-id=\"1234c19\" data-element_type=\"widget\" data-e-type=\"widget\" data-widget_type=\"heading.default\">\n\t\t\t\t<div class=\"elementor-widget-container\">\n\t\t\t\t\t<h3 class=\"elementor-heading-title elementor-size-default\">Digitalisierung ist einfach. Transformation aber nicht. Denn die digitale Transformation erfordert\n\neinen ganzheitlichen Ansatz mit der Verschr\u00e4nkung von Technologie, Organisation und Kultur.<\/h3>\t\t\t\t<\/div>\n\t\t\t\t<\/div>\n\t\t\t\t<div class=\"elementor-element elementor-element-61c71549 elementor-widget elementor-widget-text-editor\" data-id=\"61c71549\" data-element_type=\"widget\" data-e-type=\"widget\" data-widget_type=\"text-editor.default\">\n\t\t\t\t<div class=\"elementor-widget-container\">\n\t\t\t\t\t\t\t\t\t<p>Eigentlich wissen wir es alle bereits: Digitalisierung ist kein IT-Projekt. Digitale Transformation ist kein Projekt, sondern ein kontinuierlicher Ver\u00e4nderungsprozess. Und weil die Ver\u00e4nderung am Menschen ansetzt, gilt es zuallererst, diese sowie deren Arbeitsweise und Kollaboration in den Blick zu nehmen.<\/p><p><strong>Kultur<\/strong><\/p><p>Ver\u00e4nderung muss nicht \u00c4ngste und Abwehr hervorrufen, sondern darf Freude und Neugierde bereiten. Dazu sollte das digitale Zielbild bereichs\u00fcbergreifend \u00fcber alle Funktionen gemeinsam erarbeitet werden. Die Lehre des \u201eagilen\u201c Managements wird oftmals etwas \u00fcberstrapaziert, aber worum es wirklich geht: Die Komplexit\u00e4t in einzelne Bestandteile reduzieren und diese motivierend als eigene \u201eProdukte\u201c betrachten, f\u00fcr die Mitarbeiter Verantwortung \u00fcbernehmen. Die Konzepte werden stets gemeinsam von Vertretern aller relevanten Fachbereiche schrittweise entwickelt. Dabei ist die \u201eOKR\u201c-Methode hilfreich, mit der man iterativ alle Ziele und erwarteten Ergebnisse strukturiert abbildet. Die Mitarbeiter sind die Experten, denen in der Erarbeitung der fachlichen Details zu vertrauen ist. Fehler sind ausdr\u00fccklich erlaubt. Diese sowie alle Schritte und der aktuelle Status werden aber unbedingt transparent &#8211; \u00fcber die Projektgruppe hinaus &#8211; in einem moderne Onlinekollaborationstools geteilt. So entstehen nicht nur Motivation und interdisziplin\u00e4rer Austausch, sondern auch breite Akzeptanz &#8211; und oftmals sogar Stolz &#8211; f\u00fcr die neuen L\u00f6sungen.<\/p><p>\u00a0<\/p><p><strong>Organisation<\/strong><\/p><p>Digitalisierung setzt nahtlose Arbeitsabl\u00e4ufe voraus. F\u00fcr \u201eSilos\u201c und nur auf die eigene T\u00e4tigkeit begrenztes Denken sind in einem digitalisierten Gesch\u00e4ftsmodell kein Platz. Vielmehr wird die zuvor beschriebene Kultur nunmehr ebenso auf der Organisationsebene f\u00fcr die Modernisierung des Betriebsmodells angewandt. Zun\u00e4chst sind alle Anforderungen bereichs\u00fcbergreifend abzustimmen und ein Katalog der Service- und Produktleistungen zu erstellen. \u00c4hnliche T\u00e4tigkeiten werden in einer einheitlichen Arbeitsweise harmonisiert und funktional nur noch von einer organisatorischen Einheit erbracht. Alle T\u00e4tigkeiten werden entlang der Wertsch\u00f6pfungskette angeordnet. F\u00fcr die angestrebten Arbeitsergebnisse werden qualitative und quanti tative Kennzahlen definiert. Je nach Gesch\u00e4ftsmodell kann eine Matrixorganisation erforderlich sein, um den Fokus parallel auf Produkte und Services gleicherma\u00dfen sicherzustellen. Es folgt die \u00dcberpr\u00fcfung und Anpassung aller Rollen und Verantwortlichkeiten. Alles geht in das neue Betriebsmodell ein, das idealer weise mit ein oder zwei weniger Ebenen in der Hierarchie auskommt und so den Mitarbeitern mehr Ge staltungsraum bietet. Damit schlie\u00dft sich der Kreis zu Kultur: Alle F\u00fchrungskr\u00e4fte und Mitarbeiter haben nicht nur ihre eigene \u201esilo-hafte\u201c Aufgabe im Blick, sondern werden integrativer Bestandteil einer viel gr\u00f6\u00dferen und ganzheitlich f\u00fcr alle Kunden erbrachten Unternehmensleistung \u2013 nahtlos von Ende zu Ende.<\/p><p>\u00a0<\/p><p><strong>Technologie<\/strong><\/p><p>Selbstverst\u00e4ndlich sind eine moderne IT-Infrastruktur und leistungsf\u00e4hige IT-Anwendungen zentrale Be standteile einer ambitionierten Digitalisierung. Doch es beginnt zumeist bei den Daten: Das Unternehmen ben\u00f6tigt ein spezifisches Modell aller auf Corporate Ebene und im Kerngesch\u00e4ft ben\u00f6tigten Daten. Diese Stammdaten sowie laufende und historische Daten sollten nur einmal in einer sog. \u201aSingle-Source-of-Truth\u2018 zentral gespeichert werden. Jeder Funktionsbereich und Mitarbeiter verwenden stets die gleiche Daten quelle. Idealerweise wird f\u00fcr jeden Arbeitsschritt unternehmensweit stets nur eine IT-Anwendung unter Nutzung der zentralen Daten betrieben. So entsteht ein \u201adigitaler Maschinenraum\u2018, zu dem alle Mitarbeiter und externen Partner sowie Kunden einen personalisierten Zugriff \u00fcber intelligente Schnittstellen oder moderne Benutzeroberfl\u00e4chen erhalten. Ein Luxusproblem besteht in der heutigen Verf\u00fcgbarkeit von IT L\u00f6sungen, deren hohe Anzahl gewonnene Verbesserungen durch zu viel Komplexit\u00e4t und Schulungsauf wand riskieren kann. Hier bietet sich der \u201aBest-of-Suite\u2018-Ansatz an, in dem wenigen strategischen Platt formen der Vorzug gegeben wird und weitere einzelne IT-L\u00f6sungen nur aus spezifischen Gr\u00fcnden erg\u00e4nzt werden. Dennoch bleibt es unerl\u00e4sslich, hohen Aufwand f\u00fcr die Adaptierung der Mitarbeiter an die Nutzung neuer IT-L\u00f6sungen einzuplanen und als kontinuierliches Training sowie gelebte Kollaboration zu begreifen.<\/p>\t\t\t\t\t\t\t\t<\/div>\n\t\t\t\t<\/div>\n\t\t\t\t\t<\/div>\n\t\t\t\t<\/div>\n\t\t<div class=\"elementor-element elementor-element-7f719590 e-flex e-con-boxed e-con e-parent\" data-id=\"7f719590\" data-element_type=\"container\" data-e-type=\"container\">\n\t\t\t\t\t<div class=\"e-con-inner\">\n\t\t<div class=\"elementor-element elementor-element-63e921ed e-con-full e-flex e-con e-child\" data-id=\"63e921ed\" data-element_type=\"container\" data-e-type=\"container\">\n\t\t\t\t<div class=\"elementor-element elementor-element-6dea07a3 elementor-widget elementor-widget-image\" data-id=\"6dea07a3\" data-element_type=\"widget\" data-e-type=\"widget\" data-widget_type=\"image.default\">\n\t\t\t\t<div class=\"elementor-widget-container\">\n\t\t\t\t\t\t\t\t\t\t\t\t\t\t\t<img decoding=\"async\" width=\"480\" height=\"640\" src=\"https:\/\/abpartner.de\/wp-content\/uploads\/2023\/12\/Dreiklang.jpg\" class=\"attachment-large size-large wp-image-4051\" alt=\"\" srcset=\"https:\/\/abpartner.de\/wp-content\/uploads\/2023\/12\/Dreiklang.jpg 480w, https:\/\/abpartner.de\/wp-content\/uploads\/2023\/12\/Dreiklang-225x300.jpg 225w\" sizes=\"(max-width: 480px) 100vw, 480px\" \/>\t\t\t\t\t\t\t\t\t\t\t\t\t\t\t<\/div>\n\t\t\t\t<\/div>\n\t\t\t\t<\/div>\n\t\t<div class=\"elementor-element elementor-element-2df1e7aa e-con-full e-flex e-con e-child\" data-id=\"2df1e7aa\" data-element_type=\"container\" data-e-type=\"container\">\n\t\t\t\t<\/div>\n\t\t\t\t\t<\/div>\n\t\t\t\t<\/div>\n\t\t<div class=\"elementor-element elementor-element-4fbefce8 e-flex e-con-boxed e-con e-parent\" data-id=\"4fbefce8\" data-element_type=\"container\" data-e-type=\"container\">\n\t\t\t\t\t<div class=\"e-con-inner\">\n\t\t\t\t<div class=\"elementor-element elementor-element-669b8080 elementor-widget elementor-widget-text-editor\" data-id=\"669b8080\" data-element_type=\"widget\" data-e-type=\"widget\" data-widget_type=\"text-editor.default\">\n\t\t\t\t<div class=\"elementor-widget-container\">\n\t\t\t\t\t\t\t\t\t<p><strong>Dreiklang<\/strong><\/p><p>Mit der skizzierten Verschr\u00e4nkung von Technologie, Organisation und Kultur kann der unternehmensweite Ver\u00e4nderungsprozess einer digitalen Transformation motivieren und gelingen.<\/p>\t\t\t\t\t\t\t\t<\/div>\n\t\t\t\t<\/div>\n\t\t\t\t<div class=\"elementor-element elementor-element-815544d elementor-post-navigation-borders-yes elementor-widget elementor-widget-global elementor-global-4585 elementor-widget-post-navigation\" data-id=\"815544d\" data-element_type=\"widget\" data-e-type=\"widget\" data-widget_type=\"post-navigation.default\">\n\t\t\t\t<div class=\"elementor-widget-container\">\n\t\t\t\t\t\t\t<div class=\"elementor-post-navigation\" role=\"navigation\" aria-label=\"Post Navigation\">\n\t\t\t<div class=\"elementor-post-navigation__prev elementor-post-navigation__link\">\n\t\t\t\t<a href=\"https:\/\/abpartner.de\/en\/digitale-tranformation-im-dreiklang\/\" rel=\"prev\"><span class=\"post-navigation__arrow-wrapper post-navigation__arrow-prev\"><svg aria-hidden=\"true\" class=\"e-font-icon-svg e-fas-angle-left\" viewBox=\"0 0 256 512\" xmlns=\"http:\/\/www.w3.org\/2000\/svg\"><path d=\"M31.7 239l136-136c9.4-9.4 24.6-9.4 33.9 0l22.6 22.6c9.4 9.4 9.4 24.6 0 33.9L127.9 256l96.4 96.4c9.4 9.4 9.4 24.6 0 33.9L201.7 409c-9.4 9.4-24.6 9.4-33.9 0l-136-136c-9.5-9.4-9.5-24.6-.1-34z\"><\/path><\/svg><span class=\"elementor-screen-only\">Prev<\/span><\/span><span class=\"elementor-post-navigation__link__prev\"><span class=\"post-navigation__prev--label\">Voriger<\/span><span class=\"post-navigation__prev--title\">Digitale Tranformation im Dreiklang<\/span><\/span><\/a>\t\t\t<\/div>\n\t\t\t\t\t\t\t<div class=\"elementor-post-navigation__separator-wrapper\">\n\t\t\t\t\t<div class=\"elementor-post-navigation__separator\"><\/div>\n\t\t\t\t<\/div>\n\t\t\t\t\t\t<div class=\"elementor-post-navigation__next elementor-post-navigation__link\">\n\t\t\t\t<a href=\"https:\/\/abpartner.de\/en\/digitalisierung-im-fuenfseenland\/\" rel=\"next\"><span class=\"elementor-post-navigation__link__next\"><span class=\"post-navigation__next--label\">N\u00e4chster<\/span><span class=\"post-navigation__next--title\">Digitalisierung im F\u00fcnfseenland<\/span><\/span><span class=\"post-navigation__arrow-wrapper post-navigation__arrow-next\"><svg aria-hidden=\"true\" class=\"e-font-icon-svg e-fas-angle-right\" viewBox=\"0 0 256 512\" xmlns=\"http:\/\/www.w3.org\/2000\/svg\"><path d=\"M224.3 273l-136 136c-9.4 9.4-24.6 9.4-33.9 0l-22.6-22.6c-9.4-9.4-9.4-24.6 0-33.9l96.4-96.4-96.4-96.4c-9.4-9.4-9.4-24.6 0-33.9L54.3 103c9.4-9.4 24.6-9.4 33.9 0l136 136c9.5 9.4 9.5 24.6.1 34z\"><\/path><\/svg><span class=\"elementor-screen-only\">Next<\/span><\/span><\/a>\t\t\t<\/div>\n\t\t<\/div>\n\t\t\t\t\t\t<\/div>\n\t\t\t\t<\/div>\n\t\t\t\t\t<\/div>\n\t\t\t\t<\/div>\n\t\t\t\t<\/div>\n\t\t","protected":false},"excerpt":{"rendered":"<p>Digitale Transformation erfordert einen ganzheitlichen Ansatz mit der Verschr\u00e4nkung von Technologie, Organisation und Kultur.<\/p>\n","protected":false},"author":2,"featured_media":4065,"comment_status":"closed","ping_status":"closed","sticky":false,"template":"elementor_header_footer","format":"standard","meta":{"site-sidebar-layout":"default","site-content-layout":"","ast-site-content-layout":"default","site-content-style":"default","site-sidebar-style":"default","ast-global-header-display":"","ast-banner-title-visibility":"","ast-main-header-display":"","ast-hfb-above-header-display":"","ast-hfb-below-header-display":"","ast-hfb-mobile-header-display":"","site-post-title":"","ast-breadcrumbs-content":"","ast-featured-img":"","footer-sml-layout":"","ast-disable-related-posts":"","theme-transparent-header-meta":"","adv-header-id-meta":"","stick-header-meta":"","header-above-stick-meta":"","header-main-stick-meta":"","header-below-stick-meta":"","astra-migrate-meta-layouts":"set","ast-page-background-enabled":"default","ast-page-background-meta":{"desktop":{"background-color":"","background-image":"","background-repeat":"repeat","background-position":"center center","background-size":"auto","background-attachment":"scroll","background-type":"","background-media":"","overlay-type":"","overlay-color":"","overlay-opacity":"","overlay-gradient":""},"tablet":{"background-color":"","background-image":"","background-repeat":"repeat","background-position":"center center","background-size":"auto","background-attachment":"scroll","background-type":"","background-media":"","overlay-type":"","overlay-color":"","overlay-opacity":"","overlay-gradient":""},"mobile":{"background-color":"","background-image":"","background-repeat":"repeat","background-position":"center center","background-size":"auto","background-attachment":"scroll","background-type":"","background-media":"","overlay-type":"","overlay-color":"","overlay-opacity":"","overlay-gradient":""}},"ast-content-background-meta":{"desktop":{"background-color":"var(--ast-global-color-5)","background-image":"","background-repeat":"repeat","background-position":"center center","background-size":"auto","background-attachment":"scroll","background-type":"","background-media":"","overlay-type":"","overlay-color":"","overlay-opacity":"","overlay-gradient":""},"tablet":{"background-color":"var(--ast-global-color-5)","background-image":"","background-repeat":"repeat","background-position":"center center","background-size":"auto","background-attachment":"scroll","background-type":"","background-media":"","overlay-type":"","overlay-color":"","overlay-opacity":"","overlay-gradient":""},"mobile":{"background-color":"var(--ast-global-color-5)","background-image":"","background-repeat":"repeat","background-position":"center center","background-size":"auto","background-attachment":"scroll","background-type":"","background-media":"","overlay-type":"","overlay-color":"","overlay-opacity":"","overlay-gradient":""}},"footnotes":""},"categories":[],"tags":[],"class_list":["post-4041","post","type-post","status-publish","format-standard","has-post-thumbnail","hentry"],"yoast_head":"<!-- This site is optimized with the Yoast SEO plugin v27.4 - https:\/\/yoast.com\/product\/yoast-seo-wordpress\/ -->\n<title>Digitale Transformation gelingt im Dreiklang - ab&amp;partner<\/title>\n<meta name=\"robots\" content=\"index, follow, max-snippet:-1, max-image-preview:large, max-video-preview:-1\" \/>\n<link rel=\"canonical\" href=\"https:\/\/abpartner.de\/en\/digitale-transformation-gelingt-im-dreiklang\/\" \/>\n<meta property=\"og:locale\" content=\"en_US\" \/>\n<meta property=\"og:type\" content=\"article\" \/>\n<meta property=\"og:title\" content=\"Digitale Transformation gelingt im Dreiklang - ab&amp;partner\" \/>\n<meta property=\"og:description\" content=\"Digitale Transformation erfordert einen ganzheitlichen Ansatz mit der Verschr\u00e4nkung von Technologie, Organisation und Kultur.\" \/>\n<meta property=\"og:url\" content=\"https:\/\/abpartner.de\/en\/digitale-transformation-gelingt-im-dreiklang\/\" \/>\n<meta property=\"og:site_name\" content=\"ab&amp;partner\" \/>\n<meta property=\"article:publisher\" content=\"https:\/\/www.facebook.com\/LandhotelGasthofKrone\/\" \/>\n<meta property=\"article:published_time\" content=\"2023-12-07T20:00:00+00:00\" \/>\n<meta property=\"article:modified_time\" content=\"2024-08-06T11:58:07+00:00\" \/>\n<meta property=\"og:image\" content=\"https:\/\/abpartner.de\/wp-content\/uploads\/2023\/12\/Bild-Dreiklang-1.jpg\" \/>\n\t<meta property=\"og:image:width\" content=\"640\" \/>\n\t<meta property=\"og:image:height\" content=\"480\" \/>\n\t<meta property=\"og:image:type\" content=\"image\/jpeg\" \/>\n<meta name=\"author\" content=\"Farbe Blau\" \/>\n<meta name=\"twitter:card\" content=\"summary_large_image\" \/>\n<meta name=\"twitter:label1\" content=\"Written by\" \/>\n\t<meta name=\"twitter:data1\" content=\"Farbe Blau\" \/>\n\t<meta name=\"twitter:label2\" content=\"Est. reading time\" \/>\n\t<meta name=\"twitter:data2\" content=\"4 minutes\" \/>\n<script type=\"application\/ld+json\" class=\"yoast-schema-graph\">{\"@context\":\"https:\\\/\\\/schema.org\",\"@graph\":[{\"@type\":\"Article\",\"@id\":\"https:\\\/\\\/abpartner.de\\\/en\\\/digitale-transformation-gelingt-im-dreiklang\\\/#article\",\"isPartOf\":{\"@id\":\"https:\\\/\\\/abpartner.de\\\/en\\\/digitale-transformation-gelingt-im-dreiklang\\\/\"},\"author\":{\"name\":\"Farbe Blau\",\"@id\":\"https:\\\/\\\/abpartner.de\\\/en\\\/#\\\/schema\\\/person\\\/c5d748314a7c88e4198db41414daac72\"},\"headline\":\"Digitale Transformation gelingt im Dreiklang\",\"datePublished\":\"2023-12-07T20:00:00+00:00\",\"dateModified\":\"2024-08-06T11:58:07+00:00\",\"mainEntityOfPage\":{\"@id\":\"https:\\\/\\\/abpartner.de\\\/en\\\/digitale-transformation-gelingt-im-dreiklang\\\/\"},\"wordCount\":657,\"publisher\":{\"@id\":\"https:\\\/\\\/abpartner.de\\\/en\\\/#organization\"},\"image\":{\"@id\":\"https:\\\/\\\/abpartner.de\\\/en\\\/digitale-transformation-gelingt-im-dreiklang\\\/#primaryimage\"},\"thumbnailUrl\":\"https:\\\/\\\/abpartner.de\\\/wp-content\\\/uploads\\\/2023\\\/12\\\/Bild-Dreiklang-1.jpg\",\"inLanguage\":\"en-US\"},{\"@type\":\"WebPage\",\"@id\":\"https:\\\/\\\/abpartner.de\\\/en\\\/digitale-transformation-gelingt-im-dreiklang\\\/\",\"url\":\"https:\\\/\\\/abpartner.de\\\/en\\\/digitale-transformation-gelingt-im-dreiklang\\\/\",\"name\":\"Digitale Transformation gelingt im Dreiklang - ab&amp;partner\",\"isPartOf\":{\"@id\":\"https:\\\/\\\/abpartner.de\\\/en\\\/#website\"},\"primaryImageOfPage\":{\"@id\":\"https:\\\/\\\/abpartner.de\\\/en\\\/digitale-transformation-gelingt-im-dreiklang\\\/#primaryimage\"},\"image\":{\"@id\":\"https:\\\/\\\/abpartner.de\\\/en\\\/digitale-transformation-gelingt-im-dreiklang\\\/#primaryimage\"},\"thumbnailUrl\":\"https:\\\/\\\/abpartner.de\\\/wp-content\\\/uploads\\\/2023\\\/12\\\/Bild-Dreiklang-1.jpg\",\"datePublished\":\"2023-12-07T20:00:00+00:00\",\"dateModified\":\"2024-08-06T11:58:07+00:00\",\"breadcrumb\":{\"@id\":\"https:\\\/\\\/abpartner.de\\\/en\\\/digitale-transformation-gelingt-im-dreiklang\\\/#breadcrumb\"},\"inLanguage\":\"en-US\",\"potentialAction\":[{\"@type\":\"ReadAction\",\"target\":[\"https:\\\/\\\/abpartner.de\\\/en\\\/digitale-transformation-gelingt-im-dreiklang\\\/\"]}]},{\"@type\":\"ImageObject\",\"inLanguage\":\"en-US\",\"@id\":\"https:\\\/\\\/abpartner.de\\\/en\\\/digitale-transformation-gelingt-im-dreiklang\\\/#primaryimage\",\"url\":\"https:\\\/\\\/abpartner.de\\\/wp-content\\\/uploads\\\/2023\\\/12\\\/Bild-Dreiklang-1.jpg\",\"contentUrl\":\"https:\\\/\\\/abpartner.de\\\/wp-content\\\/uploads\\\/2023\\\/12\\\/Bild-Dreiklang-1.jpg\",\"width\":640,\"height\":480},{\"@type\":\"BreadcrumbList\",\"@id\":\"https:\\\/\\\/abpartner.de\\\/en\\\/digitale-transformation-gelingt-im-dreiklang\\\/#breadcrumb\",\"itemListElement\":[{\"@type\":\"ListItem\",\"position\":1,\"name\":\"Startseite\",\"item\":\"https:\\\/\\\/abpartner.de\\\/en\\\/portfolio\\\/\"},{\"@type\":\"ListItem\",\"position\":2,\"name\":\"Digitale Transformation gelingt im Dreiklang\"}]},{\"@type\":\"WebSite\",\"@id\":\"https:\\\/\\\/abpartner.de\\\/en\\\/#website\",\"url\":\"https:\\\/\\\/abpartner.de\\\/en\\\/\",\"name\":\"ab&amp;partner\",\"description\":\"Gemeinsam realisieren wir Ihre unternehmerische Vision.\",\"publisher\":{\"@id\":\"https:\\\/\\\/abpartner.de\\\/en\\\/#organization\"},\"potentialAction\":[{\"@type\":\"SearchAction\",\"target\":{\"@type\":\"EntryPoint\",\"urlTemplate\":\"https:\\\/\\\/abpartner.de\\\/en\\\/?s={search_term_string}\"},\"query-input\":{\"@type\":\"PropertyValueSpecification\",\"valueRequired\":true,\"valueName\":\"search_term_string\"}}],\"inLanguage\":\"en-US\"},{\"@type\":\"Organization\",\"@id\":\"https:\\\/\\\/abpartner.de\\\/en\\\/#organization\",\"name\":\"ab&amp;partner\",\"url\":\"https:\\\/\\\/abpartner.de\\\/en\\\/\",\"logo\":{\"@type\":\"ImageObject\",\"inLanguage\":\"en-US\",\"@id\":\"https:\\\/\\\/abpartner.de\\\/en\\\/#\\\/schema\\\/logo\\\/image\\\/\",\"url\":\"https:\\\/\\\/abpartner.de\\\/wp-content\\\/uploads\\\/2024\\\/06\\\/ABpartner_Logo_rgb.svg\",\"contentUrl\":\"https:\\\/\\\/abpartner.de\\\/wp-content\\\/uploads\\\/2024\\\/06\\\/ABpartner_Logo_rgb.svg\",\"caption\":\"ab&amp;partner\"},\"image\":{\"@id\":\"https:\\\/\\\/abpartner.de\\\/en\\\/#\\\/schema\\\/logo\\\/image\\\/\"},\"sameAs\":[\"https:\\\/\\\/www.facebook.com\\\/LandhotelGasthofKrone\\\/\",\"https:\\\/\\\/www.instagram.com\\\/landhotel_krone_eschental\\\/\"]},{\"@type\":\"Person\",\"@id\":\"https:\\\/\\\/abpartner.de\\\/en\\\/#\\\/schema\\\/person\\\/c5d748314a7c88e4198db41414daac72\",\"name\":\"Farbe Blau\",\"image\":{\"@type\":\"ImageObject\",\"inLanguage\":\"en-US\",\"@id\":\"https:\\\/\\\/secure.gravatar.com\\\/avatar\\\/4356160d5f51da58f200f72446d5def22905a46716ccdaf1c341e11aa865a9f9?s=96&d=mm&r=g\",\"url\":\"https:\\\/\\\/secure.gravatar.com\\\/avatar\\\/4356160d5f51da58f200f72446d5def22905a46716ccdaf1c341e11aa865a9f9?s=96&d=mm&r=g\",\"contentUrl\":\"https:\\\/\\\/secure.gravatar.com\\\/avatar\\\/4356160d5f51da58f200f72446d5def22905a46716ccdaf1c341e11aa865a9f9?s=96&d=mm&r=g\",\"caption\":\"Farbe Blau\"},\"url\":\"https:\\\/\\\/abpartner.de\\\/en\\\/author\\\/farbe-blau\\\/\"}]}<\/script>\n<!-- \/ Yoast SEO plugin. -->","yoast_head_json":{"title":"Digitale Transformation gelingt im Dreiklang - ab&amp;partner","robots":{"index":"index","follow":"follow","max-snippet":"max-snippet:-1","max-image-preview":"max-image-preview:large","max-video-preview":"max-video-preview:-1"},"canonical":"https:\/\/abpartner.de\/en\/digitale-transformation-gelingt-im-dreiklang\/","og_locale":"en_US","og_type":"article","og_title":"Digitale Transformation gelingt im Dreiklang - ab&amp;partner","og_description":"Digitale Transformation erfordert einen ganzheitlichen Ansatz mit der Verschr\u00e4nkung von Technologie, Organisation und Kultur.","og_url":"https:\/\/abpartner.de\/en\/digitale-transformation-gelingt-im-dreiklang\/","og_site_name":"ab&amp;partner","article_publisher":"https:\/\/www.facebook.com\/LandhotelGasthofKrone\/","article_published_time":"2023-12-07T20:00:00+00:00","article_modified_time":"2024-08-06T11:58:07+00:00","og_image":[{"width":640,"height":480,"url":"https:\/\/abpartner.de\/wp-content\/uploads\/2023\/12\/Bild-Dreiklang-1.jpg","type":"image\/jpeg"}],"author":"Farbe Blau","twitter_card":"summary_large_image","twitter_misc":{"Written by":"Farbe Blau","Est. reading time":"4 minutes"},"schema":{"@context":"https:\/\/schema.org","@graph":[{"@type":"Article","@id":"https:\/\/abpartner.de\/en\/digitale-transformation-gelingt-im-dreiklang\/#article","isPartOf":{"@id":"https:\/\/abpartner.de\/en\/digitale-transformation-gelingt-im-dreiklang\/"},"author":{"name":"Farbe Blau","@id":"https:\/\/abpartner.de\/en\/#\/schema\/person\/c5d748314a7c88e4198db41414daac72"},"headline":"Digitale Transformation gelingt im Dreiklang","datePublished":"2023-12-07T20:00:00+00:00","dateModified":"2024-08-06T11:58:07+00:00","mainEntityOfPage":{"@id":"https:\/\/abpartner.de\/en\/digitale-transformation-gelingt-im-dreiklang\/"},"wordCount":657,"publisher":{"@id":"https:\/\/abpartner.de\/en\/#organization"},"image":{"@id":"https:\/\/abpartner.de\/en\/digitale-transformation-gelingt-im-dreiklang\/#primaryimage"},"thumbnailUrl":"https:\/\/abpartner.de\/wp-content\/uploads\/2023\/12\/Bild-Dreiklang-1.jpg","inLanguage":"en-US"},{"@type":"WebPage","@id":"https:\/\/abpartner.de\/en\/digitale-transformation-gelingt-im-dreiklang\/","url":"https:\/\/abpartner.de\/en\/digitale-transformation-gelingt-im-dreiklang\/","name":"Digitale Transformation gelingt im Dreiklang - ab&amp;partner","isPartOf":{"@id":"https:\/\/abpartner.de\/en\/#website"},"primaryImageOfPage":{"@id":"https:\/\/abpartner.de\/en\/digitale-transformation-gelingt-im-dreiklang\/#primaryimage"},"image":{"@id":"https:\/\/abpartner.de\/en\/digitale-transformation-gelingt-im-dreiklang\/#primaryimage"},"thumbnailUrl":"https:\/\/abpartner.de\/wp-content\/uploads\/2023\/12\/Bild-Dreiklang-1.jpg","datePublished":"2023-12-07T20:00:00+00:00","dateModified":"2024-08-06T11:58:07+00:00","breadcrumb":{"@id":"https:\/\/abpartner.de\/en\/digitale-transformation-gelingt-im-dreiklang\/#breadcrumb"},"inLanguage":"en-US","potentialAction":[{"@type":"ReadAction","target":["https:\/\/abpartner.de\/en\/digitale-transformation-gelingt-im-dreiklang\/"]}]},{"@type":"ImageObject","inLanguage":"en-US","@id":"https:\/\/abpartner.de\/en\/digitale-transformation-gelingt-im-dreiklang\/#primaryimage","url":"https:\/\/abpartner.de\/wp-content\/uploads\/2023\/12\/Bild-Dreiklang-1.jpg","contentUrl":"https:\/\/abpartner.de\/wp-content\/uploads\/2023\/12\/Bild-Dreiklang-1.jpg","width":640,"height":480},{"@type":"BreadcrumbList","@id":"https:\/\/abpartner.de\/en\/digitale-transformation-gelingt-im-dreiklang\/#breadcrumb","itemListElement":[{"@type":"ListItem","position":1,"name":"Startseite","item":"https:\/\/abpartner.de\/en\/portfolio\/"},{"@type":"ListItem","position":2,"name":"Digitale Transformation gelingt im Dreiklang"}]},{"@type":"WebSite","@id":"https:\/\/abpartner.de\/en\/#website","url":"https:\/\/abpartner.de\/en\/","name":"ab&amp;partner","description":"Gemeinsam realisieren wir Ihre unternehmerische Vision.","publisher":{"@id":"https:\/\/abpartner.de\/en\/#organization"},"potentialAction":[{"@type":"SearchAction","target":{"@type":"EntryPoint","urlTemplate":"https:\/\/abpartner.de\/en\/?s={search_term_string}"},"query-input":{"@type":"PropertyValueSpecification","valueRequired":true,"valueName":"search_term_string"}}],"inLanguage":"en-US"},{"@type":"Organization","@id":"https:\/\/abpartner.de\/en\/#organization","name":"ab&amp;partner","url":"https:\/\/abpartner.de\/en\/","logo":{"@type":"ImageObject","inLanguage":"en-US","@id":"https:\/\/abpartner.de\/en\/#\/schema\/logo\/image\/","url":"https:\/\/abpartner.de\/wp-content\/uploads\/2024\/06\/ABpartner_Logo_rgb.svg","contentUrl":"https:\/\/abpartner.de\/wp-content\/uploads\/2024\/06\/ABpartner_Logo_rgb.svg","caption":"ab&amp;partner"},"image":{"@id":"https:\/\/abpartner.de\/en\/#\/schema\/logo\/image\/"},"sameAs":["https:\/\/www.facebook.com\/LandhotelGasthofKrone\/","https:\/\/www.instagram.com\/landhotel_krone_eschental\/"]},{"@type":"Person","@id":"https:\/\/abpartner.de\/en\/#\/schema\/person\/c5d748314a7c88e4198db41414daac72","name":"Farbe Blau","image":{"@type":"ImageObject","inLanguage":"en-US","@id":"https:\/\/secure.gravatar.com\/avatar\/4356160d5f51da58f200f72446d5def22905a46716ccdaf1c341e11aa865a9f9?s=96&d=mm&r=g","url":"https:\/\/secure.gravatar.com\/avatar\/4356160d5f51da58f200f72446d5def22905a46716ccdaf1c341e11aa865a9f9?s=96&d=mm&r=g","contentUrl":"https:\/\/secure.gravatar.com\/avatar\/4356160d5f51da58f200f72446d5def22905a46716ccdaf1c341e11aa865a9f9?s=96&d=mm&r=g","caption":"Farbe Blau"},"url":"https:\/\/abpartner.de\/en\/author\/farbe-blau\/"}]}},"_links":{"self":[{"href":"https:\/\/abpartner.de\/en\/wp-json\/wp\/v2\/posts\/4041","targetHints":{"allow":["GET"]}}],"collection":[{"href":"https:\/\/abpartner.de\/en\/wp-json\/wp\/v2\/posts"}],"about":[{"href":"https:\/\/abpartner.de\/en\/wp-json\/wp\/v2\/types\/post"}],"author":[{"embeddable":true,"href":"https:\/\/abpartner.de\/en\/wp-json\/wp\/v2\/users\/2"}],"replies":[{"embeddable":true,"href":"https:\/\/abpartner.de\/en\/wp-json\/wp\/v2\/comments?post=4041"}],"version-history":[{"count":43,"href":"https:\/\/abpartner.de\/en\/wp-json\/wp\/v2\/posts\/4041\/revisions"}],"predecessor-version":[{"id":7432,"href":"https:\/\/abpartner.de\/en\/wp-json\/wp\/v2\/posts\/4041\/revisions\/7432"}],"wp:featuredmedia":[{"embeddable":true,"href":"https:\/\/abpartner.de\/en\/wp-json\/wp\/v2\/media\/4065"}],"wp:attachment":[{"href":"https:\/\/abpartner.de\/en\/wp-json\/wp\/v2\/media?parent=4041"}],"wp:term":[{"taxonomy":"category","embeddable":true,"href":"https:\/\/abpartner.de\/en\/wp-json\/wp\/v2\/categories?post=4041"},{"taxonomy":"post_tag","embeddable":true,"href":"https:\/\/abpartner.de\/en\/wp-json\/wp\/v2\/tags?post=4041"}],"curies":[{"name":"wp","href":"https:\/\/api.w.org\/{rel}","templated":true}]}}